{"id":11852,"date":"2025-02-13T15:21:55","date_gmt":"2025-02-13T20:21:55","guid":{"rendered":"https:\/\/gglass.co\/?p=11852"},"modified":"2025-02-14T07:03:17","modified_gmt":"2025-02-14T12:03:17","slug":"vidrio-fachadas","status":"publish","type":"post","link":"https:\/\/gglass.co\/en\/vidrio-fachadas\/","title":{"rendered":"How to Choose the Best Glass for Commercial Facades"},"content":{"rendered":"<p>Commercial <a href=\"https:\/\/gglass.co\/en\/productos\/fachadas\/\" data-type=\"page\" data-id=\"7751\">facades<\/a> must balance<strong> design, functionality, and energy efficiency.<\/strong> Choosing the right glass is crucial to achieving these goals.<\/p>\n\n\n\n<p>Solar control glass helps reduce heat gain and enhances energy efficiency in commercial buildings. At GGlass, we provide advanced solutions that optimize thermal comfort and lower energy consumption.<\/p>\n\n\n\n<p>Reflective glass can also contribute to privacy and elevate the building\u2019s aesthetic appeal, particularly in corporate office spaces.<\/p>\n\n\n\n<p>For high-rise structures, Grupo Cotividrios offers laminated glass railings that meet the highest safety standards, ensuring robust protection.<\/p>\n\n\n\n<p>When selecting glass for a commercial facade, key factors such as<strong> durability, efficiency, and aesthetics<\/strong> must be considered to ensure a successful project.<\/p>\n\n\n\n<p><\/p>","protected":false},"excerpt":{"rendered":"<p>Las fachadas comerciales deben equilibrar dise\u00f1o, funcionalidad y eficiencia energ\u00e9tica. La elecci\u00f3n [&hellip;]<\/p>\n","protected":false},"author":2,"featured_media":11853,"comment_status":"open","ping_status":"open","sticky":false,"template":"","format":"standard","meta":{"footnotes":""},"categories":[2],"tags":[],"class_list":["post-11852","post","type-post","status-publish","format-standard","has-post-thumbnail","hentry","category-uncategorized"],"yoast_head":"<!-- This site is optimized with the Yoast SEO plugin v27.4 - https:\/\/yoast.com\/product\/yoast-seo-wordpress\/ -->\n<title>C\u00f3mo elegir el mejor vidrio para fachadas comerciales. - Gglass<\/title>\n<meta name=\"robots\" content=\"index, follow, max-snippet:-1, max-image-preview:large, max-video-preview:-1\" \/>\n<link rel=\"canonical\" href=\"https:\/\/gglass.co\/en\/vidrio-fachadas\/\" \/>\n<meta property=\"og:locale\" content=\"en_US\" \/>\n<meta property=\"og:type\" content=\"article\" \/>\n<meta property=\"og:title\" content=\"C\u00f3mo elegir el mejor vidrio para fachadas comerciales. - Gglass\" \/>\n<meta property=\"og:description\" content=\"Las fachadas comerciales deben equilibrar dise\u00f1o, funcionalidad y eficiencia energ\u00e9tica. La elecci\u00f3n [&hellip;]\" \/>\n<meta property=\"og:url\" content=\"https:\/\/gglass.co\/en\/vidrio-fachadas\/\" \/>\n<meta property=\"og:site_name\" content=\"Gglass\" \/>\n<meta property=\"article:published_time\" content=\"2025-02-13T20:21:55+00:00\" \/>\n<meta property=\"article:modified_time\" content=\"2025-02-14T12:03:17+00:00\" \/>\n<meta property=\"og:image\" content=\"https:\/\/gglass.co\/wp-content\/uploads\/2025\/02\/BLOG-FACHADAS-1024x512.webp\" \/>\n\t<meta property=\"og:image:width\" content=\"1024\" \/>\n\t<meta property=\"og:image:height\" content=\"512\" \/>\n\t<meta property=\"og:image:type\" content=\"image\/webp\" \/>\n<meta name=\"author\" content=\"Comunicaciones\" \/>\n<meta name=\"twitter:card\" content=\"summary_large_image\" \/>\n<meta name=\"twitter:label1\" content=\"Written by\" \/>\n\t<meta name=\"twitter:data1\" content=\"Comunicaciones\" \/>\n\t<meta name=\"twitter:label2\" content=\"Est. reading time\" \/>\n\t<meta name=\"twitter:data2\" content=\"1 minute\" \/>\n<script type=\"application\/ld+json\" class=\"yoast-schema-graph\">{\"@context\":\"https:\\\/\\\/schema.org\",\"@graph\":[{\"@type\":\"Article\",\"@id\":\"https:\\\/\\\/gglass.co\\\/en\\\/vidrio-fachadas\\\/#article\",\"isPartOf\":{\"@id\":\"https:\\\/\\\/gglass.co\\\/en\\\/vidrio-fachadas\\\/\"},\"author\":{\"name\":\"Comunicaciones\",\"@id\":\"https:\\\/\\\/gglass.co\\\/en\\\/#\\\/schema\\\/person\\\/2d3c5664bfcc995a64be2ef219e54d27\"},\"headline\":\"C\u00f3mo elegir el mejor vidrio para fachadas comerciales.\",\"datePublished\":\"2025-02-13T20:21:55+00:00\",\"dateModified\":\"2025-02-14T12:03:17+00:00\",\"mainEntityOfPage\":{\"@id\":\"https:\\\/\\\/gglass.co\\\/en\\\/vidrio-fachadas\\\/\"},\"wordCount\":143,\"commentCount\":0,\"publisher\":{\"@id\":\"https:\\\/\\\/gglass.co\\\/en\\\/#organization\"},\"image\":{\"@id\":\"https:\\\/\\\/gglass.co\\\/en\\\/vidrio-fachadas\\\/#primaryimage\"},\"thumbnailUrl\":\"https:\\\/\\\/gglass.co\\\/wp-content\\\/uploads\\\/2025\\\/02\\\/BLOG-FACHADAS.webp\",\"inLanguage\":\"en-US\",\"potentialAction\":[{\"@type\":\"CommentAction\",\"name\":\"Comment\",\"target\":[\"https:\\\/\\\/gglass.co\\\/en\\\/vidrio-fachadas\\\/#respond\"]}]},{\"@type\":\"WebPage\",\"@id\":\"https:\\\/\\\/gglass.co\\\/en\\\/vidrio-fachadas\\\/\",\"url\":\"https:\\\/\\\/gglass.co\\\/en\\\/vidrio-fachadas\\\/\",\"name\":\"C\u00f3mo elegir el mejor vidrio para fachadas comerciales. - Gglass\",\"isPartOf\":{\"@id\":\"https:\\\/\\\/gglass.co\\\/en\\\/#website\"},\"primaryImageOfPage\":{\"@id\":\"https:\\\/\\\/gglass.co\\\/en\\\/vidrio-fachadas\\\/#primaryimage\"},\"image\":{\"@id\":\"https:\\\/\\\/gglass.co\\\/en\\\/vidrio-fachadas\\\/#primaryimage\"},\"thumbnailUrl\":\"https:\\\/\\\/gglass.co\\\/wp-content\\\/uploads\\\/2025\\\/02\\\/BLOG-FACHADAS.webp\",\"datePublished\":\"2025-02-13T20:21:55+00:00\",\"dateModified\":\"2025-02-14T12:03:17+00:00\",\"breadcrumb\":{\"@id\":\"https:\\\/\\\/gglass.co\\\/en\\\/vidrio-fachadas\\\/#breadcrumb\"},\"inLanguage\":\"en-US\",\"potentialAction\":[{\"@type\":\"ReadAction\",\"target\":[\"https:\\\/\\\/gglass.co\\\/en\\\/vidrio-fachadas\\\/\"]}]},{\"@type\":\"ImageObject\",\"inLanguage\":\"en-US\",\"@id\":\"https:\\\/\\\/gglass.co\\\/en\\\/vidrio-fachadas\\\/#primaryimage\",\"url\":\"https:\\\/\\\/gglass.co\\\/wp-content\\\/uploads\\\/2025\\\/02\\\/BLOG-FACHADAS.webp\",\"contentUrl\":\"https:\\\/\\\/gglass.co\\\/wp-content\\\/uploads\\\/2025\\\/02\\\/BLOG-FACHADAS.webp\",\"width\":2561,\"height\":1281},{\"@type\":\"BreadcrumbList\",\"@id\":\"https:\\\/\\\/gglass.co\\\/en\\\/vidrio-fachadas\\\/#breadcrumb\",\"itemListElement\":[{\"@type\":\"ListItem\",\"position\":1,\"name\":\"Inicio\",\"item\":\"https:\\\/\\\/gglass.co\\\/\"},{\"@type\":\"ListItem\",\"position\":2,\"name\":\"C\u00f3mo elegir el mejor vidrio para fachadas comerciales.\"}]},{\"@type\":\"WebSite\",\"@id\":\"https:\\\/\\\/gglass.co\\\/en\\\/#website\",\"url\":\"https:\\\/\\\/gglass.co\\\/en\\\/\",\"name\":\"Gglass\",\"description\":\"Soluciones en Ventaner\u00eda que Cruzan Fronteras: Calidad para Curazao, Aruba, Guyana y Estados Unidos\",\"publisher\":{\"@id\":\"https:\\\/\\\/gglass.co\\\/en\\\/#organization\"},\"potentialAction\":[{\"@type\":\"SearchAction\",\"target\":{\"@type\":\"EntryPoint\",\"urlTemplate\":\"https:\\\/\\\/gglass.co\\\/en\\\/?s={search_term_string}\"},\"query-input\":{\"@type\":\"PropertyValueSpecification\",\"valueRequired\":true,\"valueName\":\"search_term_string\"}}],\"inLanguage\":\"en-US\"},{\"@type\":\"Organization\",\"@id\":\"https:\\\/\\\/gglass.co\\\/en\\\/#organization\",\"name\":\"Gglass\",\"url\":\"https:\\\/\\\/gglass.co\\\/en\\\/\",\"logo\":{\"@type\":\"ImageObject\",\"inLanguage\":\"en-US\",\"@id\":\"https:\\\/\\\/gglass.co\\\/en\\\/#\\\/schema\\\/logo\\\/image\\\/\",\"url\":\"https:\\\/\\\/gglass.co\\\/wp-content\\\/uploads\\\/2024\\\/06\\\/Rectangle-18112.png\",\"contentUrl\":\"https:\\\/\\\/gglass.co\\\/wp-content\\\/uploads\\\/2024\\\/06\\\/Rectangle-18112.png\",\"width\":180,\"height\":54,\"caption\":\"Gglass\"},\"image\":{\"@id\":\"https:\\\/\\\/gglass.co\\\/en\\\/#\\\/schema\\\/logo\\\/image\\\/\"}},{\"@type\":\"Person\",\"@id\":\"https:\\\/\\\/gglass.co\\\/en\\\/#\\\/schema\\\/person\\\/2d3c5664bfcc995a64be2ef219e54d27\",\"name\":\"Comunicaciones\",\"image\":{\"@type\":\"ImageObject\",\"inLanguage\":\"en-US\",\"@id\":\"https:\\\/\\\/secure.gravatar.com\\\/avatar\\\/f705498d65d5674057609c1e2e4c89fea399f04d5e3263ad0b7b139f7370c85c?s=96&d=mm&r=g\",\"url\":\"https:\\\/\\\/secure.gravatar.com\\\/avatar\\\/f705498d65d5674057609c1e2e4c89fea399f04d5e3263ad0b7b139f7370c85c?s=96&d=mm&r=g\",\"contentUrl\":\"https:\\\/\\\/secure.gravatar.com\\\/avatar\\\/f705498d65d5674057609c1e2e4c89fea399f04d5e3263ad0b7b139f7370c85c?s=96&d=mm&r=g\",\"caption\":\"Comunicaciones\"},\"url\":\"https:\\\/\\\/gglass.co\\\/en\\\/author\\\/comunicaciones\\\/\"}]}<\/script>\n<!-- \/ Yoast SEO plugin. -->","yoast_head_json":{"title":"C\u00f3mo elegir el mejor vidrio para fachadas comerciales. - Gglass","robots":{"index":"index","follow":"follow","max-snippet":"max-snippet:-1","max-image-preview":"max-image-preview:large","max-video-preview":"max-video-preview:-1"},"canonical":"https:\/\/gglass.co\/en\/vidrio-fachadas\/","og_locale":"en_US","og_type":"article","og_title":"C\u00f3mo elegir el mejor vidrio para fachadas comerciales. - Gglass","og_description":"Las fachadas comerciales deben equilibrar dise\u00f1o, funcionalidad y eficiencia energ\u00e9tica. La elecci\u00f3n [&hellip;]","og_url":"https:\/\/gglass.co\/en\/vidrio-fachadas\/","og_site_name":"Gglass","article_published_time":"2025-02-13T20:21:55+00:00","article_modified_time":"2025-02-14T12:03:17+00:00","og_image":[{"width":1024,"height":512,"url":"https:\/\/gglass.co\/wp-content\/uploads\/2025\/02\/BLOG-FACHADAS-1024x512.webp","type":"image\/webp"}],"author":"Comunicaciones","twitter_card":"summary_large_image","twitter_misc":{"Written by":"Comunicaciones","Est. reading time":"1 minute"},"schema":{"@context":"https:\/\/schema.org","@graph":[{"@type":"Article","@id":"https:\/\/gglass.co\/en\/vidrio-fachadas\/#article","isPartOf":{"@id":"https:\/\/gglass.co\/en\/vidrio-fachadas\/"},"author":{"name":"Comunicaciones","@id":"https:\/\/gglass.co\/en\/#\/schema\/person\/2d3c5664bfcc995a64be2ef219e54d27"},"headline":"C\u00f3mo elegir el mejor vidrio para fachadas comerciales.","datePublished":"2025-02-13T20:21:55+00:00","dateModified":"2025-02-14T12:03:17+00:00","mainEntityOfPage":{"@id":"https:\/\/gglass.co\/en\/vidrio-fachadas\/"},"wordCount":143,"commentCount":0,"publisher":{"@id":"https:\/\/gglass.co\/en\/#organization"},"image":{"@id":"https:\/\/gglass.co\/en\/vidrio-fachadas\/#primaryimage"},"thumbnailUrl":"https:\/\/gglass.co\/wp-content\/uploads\/2025\/02\/BLOG-FACHADAS.webp","inLanguage":"en-US","potentialAction":[{"@type":"CommentAction","name":"Comment","target":["https:\/\/gglass.co\/en\/vidrio-fachadas\/#respond"]}]},{"@type":"WebPage","@id":"https:\/\/gglass.co\/en\/vidrio-fachadas\/","url":"https:\/\/gglass.co\/en\/vidrio-fachadas\/","name":"C\u00f3mo elegir el mejor vidrio para fachadas comerciales. - Gglass","isPartOf":{"@id":"https:\/\/gglass.co\/en\/#website"},"primaryImageOfPage":{"@id":"https:\/\/gglass.co\/en\/vidrio-fachadas\/#primaryimage"},"image":{"@id":"https:\/\/gglass.co\/en\/vidrio-fachadas\/#primaryimage"},"thumbnailUrl":"https:\/\/gglass.co\/wp-content\/uploads\/2025\/02\/BLOG-FACHADAS.webp","datePublished":"2025-02-13T20:21:55+00:00","dateModified":"2025-02-14T12:03:17+00:00","breadcrumb":{"@id":"https:\/\/gglass.co\/en\/vidrio-fachadas\/#breadcrumb"},"inLanguage":"en-US","potentialAction":[{"@type":"ReadAction","target":["https:\/\/gglass.co\/en\/vidrio-fachadas\/"]}]},{"@type":"ImageObject","inLanguage":"en-US","@id":"https:\/\/gglass.co\/en\/vidrio-fachadas\/#primaryimage","url":"https:\/\/gglass.co\/wp-content\/uploads\/2025\/02\/BLOG-FACHADAS.webp","contentUrl":"https:\/\/gglass.co\/wp-content\/uploads\/2025\/02\/BLOG-FACHADAS.webp","width":2561,"height":1281},{"@type":"BreadcrumbList","@id":"https:\/\/gglass.co\/en\/vidrio-fachadas\/#breadcrumb","itemListElement":[{"@type":"ListItem","position":1,"name":"Inicio","item":"https:\/\/gglass.co\/"},{"@type":"ListItem","position":2,"name":"C\u00f3mo elegir el mejor vidrio para fachadas comerciales."}]},{"@type":"WebSite","@id":"https:\/\/gglass.co\/en\/#website","url":"https:\/\/gglass.co\/en\/","name":"Gglass","description":"Soluciones en Ventaner\u00eda que Cruzan Fronteras: Calidad para Curazao, Aruba, Guyana y Estados Unidos","publisher":{"@id":"https:\/\/gglass.co\/en\/#organization"},"potentialAction":[{"@type":"SearchAction","target":{"@type":"EntryPoint","urlTemplate":"https:\/\/gglass.co\/en\/?s={search_term_string}"},"query-input":{"@type":"PropertyValueSpecification","valueRequired":true,"valueName":"search_term_string"}}],"inLanguage":"en-US"},{"@type":"Organization","@id":"https:\/\/gglass.co\/en\/#organization","name":"Gglass","url":"https:\/\/gglass.co\/en\/","logo":{"@type":"ImageObject","inLanguage":"en-US","@id":"https:\/\/gglass.co\/en\/#\/schema\/logo\/image\/","url":"https:\/\/gglass.co\/wp-content\/uploads\/2024\/06\/Rectangle-18112.png","contentUrl":"https:\/\/gglass.co\/wp-content\/uploads\/2024\/06\/Rectangle-18112.png","width":180,"height":54,"caption":"Gglass"},"image":{"@id":"https:\/\/gglass.co\/en\/#\/schema\/logo\/image\/"}},{"@type":"Person","@id":"https:\/\/gglass.co\/en\/#\/schema\/person\/2d3c5664bfcc995a64be2ef219e54d27","name":"Comunicaciones","image":{"@type":"ImageObject","inLanguage":"en-US","@id":"https:\/\/secure.gravatar.com\/avatar\/f705498d65d5674057609c1e2e4c89fea399f04d5e3263ad0b7b139f7370c85c?s=96&d=mm&r=g","url":"https:\/\/secure.gravatar.com\/avatar\/f705498d65d5674057609c1e2e4c89fea399f04d5e3263ad0b7b139f7370c85c?s=96&d=mm&r=g","contentUrl":"https:\/\/secure.gravatar.com\/avatar\/f705498d65d5674057609c1e2e4c89fea399f04d5e3263ad0b7b139f7370c85c?s=96&d=mm&r=g","caption":"Comunicaciones"},"url":"https:\/\/gglass.co\/en\/author\/comunicaciones\/"}]}},"_links":{"self":[{"href":"https:\/\/gglass.co\/en\/wp-json\/wp\/v2\/posts\/11852","targetHints":{"allow":["GET"]}}],"collection":[{"href":"https:\/\/gglass.co\/en\/wp-json\/wp\/v2\/posts"}],"about":[{"href":"https:\/\/gglass.co\/en\/wp-json\/wp\/v2\/types\/post"}],"author":[{"embeddable":true,"href":"https:\/\/gglass.co\/en\/wp-json\/wp\/v2\/users\/2"}],"replies":[{"embeddable":true,"href":"https:\/\/gglass.co\/en\/wp-json\/wp\/v2\/comments?post=11852"}],"version-history":[{"count":0,"href":"https:\/\/gglass.co\/en\/wp-json\/wp\/v2\/posts\/11852\/revisions"}],"wp:featuredmedia":[{"embeddable":true,"href":"https:\/\/gglass.co\/en\/wp-json\/wp\/v2\/media\/11853"}],"wp:attachment":[{"href":"https:\/\/gglass.co\/en\/wp-json\/wp\/v2\/media?parent=11852"}],"wp:term":[{"taxonomy":"category","embeddable":true,"href":"https:\/\/gglass.co\/en\/wp-json\/wp\/v2\/categories?post=11852"},{"taxonomy":"post_tag","embeddable":true,"href":"https:\/\/gglass.co\/en\/wp-json\/wp\/v2\/tags?post=11852"}],"curies":[{"name":"wp","href":"https:\/\/api.w.org\/{rel}","templated":true}]}}